{"id":474,"date":"2021-10-14T11:20:54","date_gmt":"2021-10-14T09:20:54","guid":{"rendered":"https:\/\/radcaprawny.pro\/?p=474"},"modified":"2021-10-27T22:10:29","modified_gmt":"2021-10-27T20:10:29","slug":"dlaczego-warto-postawic-profesjonalna-obsluge-prawna","status":"publish","type":"post","link":"https:\/\/radcaprawny.pro\/en\/dlaczego-warto-postawic-profesjonalna-obsluge-prawna\/","title":{"rendered":"(Polski) Dlaczego warto postawi\u0107 na profesjonaln\u0105 obs\u0142ug\u0119 prawn\u0105?"},"content":{"rendered":"<p class=\"qtranxs-available-languages-message qtranxs-available-languages-message-en\">Sorry, this entry is only available in <a href=\"https:\/\/radcaprawny.pro\/pl\/wp-json\/wp\/v2\/posts\/474\" class=\"qtranxs-available-language-link qtranxs-available-language-link-pl\" title=\"Polski\">Polski<\/a>.<\/p>","protected":false},"excerpt":{"rendered":"<p>Sorry, this entry is only available in Polski.<\/p>\n","protected":false},"author":1,"featured_media":0,"comment_status":"open","ping_status":"open","sticky":false,"template":"","format":"standard","meta":{"footnotes":""},"categories":[1],"tags":[],"class_list":["post-474","post","type-post","status-publish","format-standard","hentry","category-prawo"],"yoast_head":"<!-- This site is optimized with the Yoast SEO plugin v27.0 - https:\/\/yoast.com\/product\/yoast-seo-wordpress\/ -->\n<title>(Polski) Dlaczego warto postawi\u0107 na profesjonaln\u0105 obs\u0142ug\u0119 prawn\u0105? - Kancelaria Radc\u00f3w Prawnych GOC Lublin Al. Rac\u0142awickie 8\/23<\/title>\n<meta name=\"robots\" content=\"index, follow, max-snippet:-1, max-image-preview:large, max-video-preview:-1\" \/>\n<link rel=\"canonical\" href=\"https:\/\/radcaprawny.pro\/dlaczego-warto-postawic-profesjonalna-obsluge-prawna\/\" \/>\n<meta property=\"og:locale\" content=\"en_US\" \/>\n<meta property=\"og:type\" content=\"article\" \/>\n<meta property=\"og:title\" content=\"(Polski) Dlaczego warto postawi\u0107 na profesjonaln\u0105 obs\u0142ug\u0119 prawn\u0105? - Kancelaria Radc\u00f3w Prawnych GOC Lublin Al. Rac\u0142awickie 8\/23\" \/>\n<meta property=\"og:description\" content=\"Sorry, this entry is only available in Polski.\" \/>\n<meta property=\"og:url\" content=\"https:\/\/radcaprawny.pro\/dlaczego-warto-postawic-profesjonalna-obsluge-prawna\/\" \/>\n<meta property=\"og:site_name\" content=\"Kancelaria Radc\u00f3w Prawnych GOC Lublin Al. Rac\u0142awickie 8\/23\" \/>\n<meta property=\"article:published_time\" content=\"2021-10-14T09:20:54+00:00\" \/>\n<meta property=\"article:modified_time\" content=\"2021-10-27T20:10:29+00:00\" \/>\n<meta name=\"author\" content=\"rso\" \/>\n<meta name=\"twitter:card\" content=\"summary_large_image\" \/>\n<meta name=\"twitter:label1\" content=\"Written by\" \/>\n\t<meta name=\"twitter:data1\" content=\"rso\" \/>\n\t<meta name=\"twitter:label2\" content=\"Est. reading time\" \/>\n\t<meta name=\"twitter:data2\" content=\"3 minutes\" \/>\n<script type=\"application\/ld+json\" class=\"yoast-schema-graph\">{\"@context\":\"https:\/\/schema.org\",\"@graph\":[{\"@type\":\"Article\",\"@id\":\"https:\/\/radcaprawny.pro\/dlaczego-warto-postawic-profesjonalna-obsluge-prawna\/#article\",\"isPartOf\":{\"@id\":\"https:\/\/radcaprawny.pro\/dlaczego-warto-postawic-profesjonalna-obsluge-prawna\/\"},\"author\":{\"name\":\"rso\",\"@id\":\"https:\/\/radcaprawny.pro\/#\/schema\/person\/1af6cea2590692f7944d53704491ca54\"},\"headline\":\"(Polski) Dlaczego warto postawi\u0107 na profesjonaln\u0105 obs\u0142ug\u0119 prawn\u0105?\",\"datePublished\":\"2021-10-14T09:20:54+00:00\",\"dateModified\":\"2021-10-27T20:10:29+00:00\",\"mainEntityOfPage\":{\"@id\":\"https:\/\/radcaprawny.pro\/dlaczego-warto-postawic-profesjonalna-obsluge-prawna\/\"},\"wordCount\":528,\"commentCount\":0,\"articleSection\":[\"Bez kategorii\"],\"inLanguage\":\"en-US\",\"potentialAction\":[{\"@type\":\"CommentAction\",\"name\":\"Comment\",\"target\":[\"https:\/\/radcaprawny.pro\/dlaczego-warto-postawic-profesjonalna-obsluge-prawna\/#respond\"]}]},{\"@type\":\"WebPage\",\"@id\":\"https:\/\/radcaprawny.pro\/dlaczego-warto-postawic-profesjonalna-obsluge-prawna\/\",\"url\":\"https:\/\/radcaprawny.pro\/dlaczego-warto-postawic-profesjonalna-obsluge-prawna\/\",\"name\":\"(Polski) Dlaczego warto postawi\u0107 na profesjonaln\u0105 obs\u0142ug\u0119 prawn\u0105? - Kancelaria Radc\u00f3w Prawnych GOC Lublin Al. Rac\u0142awickie 8\/23\",\"isPartOf\":{\"@id\":\"https:\/\/radcaprawny.pro\/#website\"},\"datePublished\":\"2021-10-14T09:20:54+00:00\",\"dateModified\":\"2021-10-27T20:10:29+00:00\",\"author\":{\"@id\":\"https:\/\/radcaprawny.pro\/#\/schema\/person\/1af6cea2590692f7944d53704491ca54\"},\"breadcrumb\":{\"@id\":\"https:\/\/radcaprawny.pro\/dlaczego-warto-postawic-profesjonalna-obsluge-prawna\/#breadcrumb\"},\"inLanguage\":\"en-US\",\"potentialAction\":[{\"@type\":\"ReadAction\",\"target\":[\"https:\/\/radcaprawny.pro\/dlaczego-warto-postawic-profesjonalna-obsluge-prawna\/\"]}]},{\"@type\":\"BreadcrumbList\",\"@id\":\"https:\/\/radcaprawny.pro\/dlaczego-warto-postawic-profesjonalna-obsluge-prawna\/#breadcrumb\",\"itemListElement\":[{\"@type\":\"ListItem\",\"position\":1,\"name\":\"Strona g\u0142\u00f3wna\",\"item\":\"https:\/\/radcaprawny.pro\/\"},{\"@type\":\"ListItem\",\"position\":2,\"name\":\"Dlaczego warto postawi\u0107 na profesjonaln\u0105 obs\u0142ug\u0119 prawn\u0105?\"}]},{\"@type\":\"WebSite\",\"@id\":\"https:\/\/radcaprawny.pro\/#website\",\"url\":\"https:\/\/radcaprawny.pro\/\",\"name\":\"Kancelaria Radc\u00f3w Prawnych GOCKancelaria Radc\u00f3w Prawnych GOC Lublin Al. Rac\u0142awickie 8\/23\",\"description\":\"\",\"potentialAction\":[{\"@type\":\"SearchAction\",\"target\":{\"@type\":\"EntryPoint\",\"urlTemplate\":\"https:\/\/radcaprawny.pro\/?s={search_term_string}\"},\"query-input\":{\"@type\":\"PropertyValueSpecification\",\"valueRequired\":true,\"valueName\":\"search_term_string\"}}],\"inLanguage\":\"en-US\"},{\"@type\":\"Person\",\"@id\":\"https:\/\/radcaprawny.pro\/#\/schema\/person\/1af6cea2590692f7944d53704491ca54\",\"name\":\"rso\",\"image\":{\"@type\":\"ImageObject\",\"inLanguage\":\"en-US\",\"@id\":\"https:\/\/radcaprawny.pro\/#\/schema\/person\/image\/\",\"url\":\"https:\/\/secure.gravatar.com\/avatar\/9790e0ce2bd29402fc2d52afd91aae2467860380c09bb0e420860a895665e215?s=96&d=mm&r=g\",\"contentUrl\":\"https:\/\/secure.gravatar.com\/avatar\/9790e0ce2bd29402fc2d52afd91aae2467860380c09bb0e420860a895665e215?s=96&d=mm&r=g\",\"caption\":\"rso\"},\"url\":\"https:\/\/radcaprawny.pro\/en\/author\/rso\/\"}]}<\/script>\n<!-- \/ Yoast SEO plugin. -->","yoast_head_json":{"title":"(Polski) Dlaczego warto postawi\u0107 na profesjonaln\u0105 obs\u0142ug\u0119 prawn\u0105? - Kancelaria Radc\u00f3w Prawnych GOC Lublin Al. Rac\u0142awickie 8\/23","robots":{"index":"index","follow":"follow","max-snippet":"max-snippet:-1","max-image-preview":"max-image-preview:large","max-video-preview":"max-video-preview:-1"},"canonical":"https:\/\/radcaprawny.pro\/dlaczego-warto-postawic-profesjonalna-obsluge-prawna\/","og_locale":"en_US","og_type":"article","og_title":"(Polski) Dlaczego warto postawi\u0107 na profesjonaln\u0105 obs\u0142ug\u0119 prawn\u0105? - Kancelaria Radc\u00f3w Prawnych GOC Lublin Al. Rac\u0142awickie 8\/23","og_description":"Sorry, this entry is only available in Polski.","og_url":"https:\/\/radcaprawny.pro\/dlaczego-warto-postawic-profesjonalna-obsluge-prawna\/","og_site_name":"Kancelaria Radc\u00f3w Prawnych GOC Lublin Al. Rac\u0142awickie 8\/23","article_published_time":"2021-10-14T09:20:54+00:00","article_modified_time":"2021-10-27T20:10:29+00:00","author":"rso","twitter_card":"summary_large_image","twitter_misc":{"Written by":"rso","Est. reading time":"3 minutes"},"schema":{"@context":"https:\/\/schema.org","@graph":[{"@type":"Article","@id":"https:\/\/radcaprawny.pro\/dlaczego-warto-postawic-profesjonalna-obsluge-prawna\/#article","isPartOf":{"@id":"https:\/\/radcaprawny.pro\/dlaczego-warto-postawic-profesjonalna-obsluge-prawna\/"},"author":{"name":"rso","@id":"https:\/\/radcaprawny.pro\/#\/schema\/person\/1af6cea2590692f7944d53704491ca54"},"headline":"(Polski) Dlaczego warto postawi\u0107 na profesjonaln\u0105 obs\u0142ug\u0119 prawn\u0105?","datePublished":"2021-10-14T09:20:54+00:00","dateModified":"2021-10-27T20:10:29+00:00","mainEntityOfPage":{"@id":"https:\/\/radcaprawny.pro\/dlaczego-warto-postawic-profesjonalna-obsluge-prawna\/"},"wordCount":528,"commentCount":0,"articleSection":["Bez kategorii"],"inLanguage":"en-US","potentialAction":[{"@type":"CommentAction","name":"Comment","target":["https:\/\/radcaprawny.pro\/dlaczego-warto-postawic-profesjonalna-obsluge-prawna\/#respond"]}]},{"@type":"WebPage","@id":"https:\/\/radcaprawny.pro\/dlaczego-warto-postawic-profesjonalna-obsluge-prawna\/","url":"https:\/\/radcaprawny.pro\/dlaczego-warto-postawic-profesjonalna-obsluge-prawna\/","name":"(Polski) Dlaczego warto postawi\u0107 na profesjonaln\u0105 obs\u0142ug\u0119 prawn\u0105? - Kancelaria Radc\u00f3w Prawnych GOC Lublin Al. Rac\u0142awickie 8\/23","isPartOf":{"@id":"https:\/\/radcaprawny.pro\/#website"},"datePublished":"2021-10-14T09:20:54+00:00","dateModified":"2021-10-27T20:10:29+00:00","author":{"@id":"https:\/\/radcaprawny.pro\/#\/schema\/person\/1af6cea2590692f7944d53704491ca54"},"breadcrumb":{"@id":"https:\/\/radcaprawny.pro\/dlaczego-warto-postawic-profesjonalna-obsluge-prawna\/#breadcrumb"},"inLanguage":"en-US","potentialAction":[{"@type":"ReadAction","target":["https:\/\/radcaprawny.pro\/dlaczego-warto-postawic-profesjonalna-obsluge-prawna\/"]}]},{"@type":"BreadcrumbList","@id":"https:\/\/radcaprawny.pro\/dlaczego-warto-postawic-profesjonalna-obsluge-prawna\/#breadcrumb","itemListElement":[{"@type":"ListItem","position":1,"name":"Strona g\u0142\u00f3wna","item":"https:\/\/radcaprawny.pro\/"},{"@type":"ListItem","position":2,"name":"Dlaczego warto postawi\u0107 na profesjonaln\u0105 obs\u0142ug\u0119 prawn\u0105?"}]},{"@type":"WebSite","@id":"https:\/\/radcaprawny.pro\/#website","url":"https:\/\/radcaprawny.pro\/","name":"Kancelaria Radc\u00f3w Prawnych GOCKancelaria Radc\u00f3w Prawnych GOC Lublin Al. Rac\u0142awickie 8\/23","description":"","potentialAction":[{"@type":"SearchAction","target":{"@type":"EntryPoint","urlTemplate":"https:\/\/radcaprawny.pro\/?s={search_term_string}"},"query-input":{"@type":"PropertyValueSpecification","valueRequired":true,"valueName":"search_term_string"}}],"inLanguage":"en-US"},{"@type":"Person","@id":"https:\/\/radcaprawny.pro\/#\/schema\/person\/1af6cea2590692f7944d53704491ca54","name":"rso","image":{"@type":"ImageObject","inLanguage":"en-US","@id":"https:\/\/radcaprawny.pro\/#\/schema\/person\/image\/","url":"https:\/\/secure.gravatar.com\/avatar\/9790e0ce2bd29402fc2d52afd91aae2467860380c09bb0e420860a895665e215?s=96&d=mm&r=g","contentUrl":"https:\/\/secure.gravatar.com\/avatar\/9790e0ce2bd29402fc2d52afd91aae2467860380c09bb0e420860a895665e215?s=96&d=mm&r=g","caption":"rso"},"url":"https:\/\/radcaprawny.pro\/en\/author\/rso\/"}]}},"_links":{"self":[{"href":"https:\/\/radcaprawny.pro\/en\/wp-json\/wp\/v2\/posts\/474","targetHints":{"allow":["GET"]}}],"collection":[{"href":"https:\/\/radcaprawny.pro\/en\/wp-json\/wp\/v2\/posts"}],"about":[{"href":"https:\/\/radcaprawny.pro\/en\/wp-json\/wp\/v2\/types\/post"}],"author":[{"embeddable":true,"href":"https:\/\/radcaprawny.pro\/en\/wp-json\/wp\/v2\/users\/1"}],"replies":[{"embeddable":true,"href":"https:\/\/radcaprawny.pro\/en\/wp-json\/wp\/v2\/comments?post=474"}],"version-history":[{"count":2,"href":"https:\/\/radcaprawny.pro\/en\/wp-json\/wp\/v2\/posts\/474\/revisions"}],"predecessor-version":[{"id":479,"href":"https:\/\/radcaprawny.pro\/en\/wp-json\/wp\/v2\/posts\/474\/revisions\/479"}],"wp:attachment":[{"href":"https:\/\/radcaprawny.pro\/en\/wp-json\/wp\/v2\/media?parent=474"}],"wp:term":[{"taxonomy":"category","embeddable":true,"href":"https:\/\/radcaprawny.pro\/en\/wp-json\/wp\/v2\/categories?post=474"},{"taxonomy":"post_tag","embeddable":true,"href":"https:\/\/radcaprawny.pro\/en\/wp-json\/wp\/v2\/tags?post=474"}],"curies":[{"name":"wp","href":"https:\/\/api.w.org\/{rel}","templated":true}]}}